{"id":3975,"date":"2023-05-22T18:07:48","date_gmt":"2023-05-22T18:07:48","guid":{"rendered":"https:\/\/revconstruction.pt\/news\/programme-demonstrator-workshops-porto\/"},"modified":"2025-12-31T16:53:30","modified_gmt":"2025-12-31T16:53:30","slug":"programme-demonstrator-workshops-porto","status":"publish","type":"post","link":"https:\/\/revconstruction.pt\/en\/news\/programme-demonstrator-workshops-porto\/","title":{"rendered":"Programme | Demonstrator Workshops | Porto"},"content":{"rendered":"\n<p>Find out below the programme for the workshops next Wednesday, 24th May, in Porto!<\/p>\n\n<p>\ud83d\udd39 Venue: ANJE &#8211; Associa\u00e7\u00e3o Nacional de Jovens Empres\u00e1rios<\/p>\n\n<p>\ud83d\udd39 Time: 09h30 &#8211; 12h00 | 14h30 &#8211; 16h30 <\/p>\n\n<p>WORKSHOP #1: Digi4Construction &#8211; 09h30 &#8211; 12h30<\/p>\n\n<p>WORKSHOP #2: PAV 4.0 LC &#8211; 14h30 &#8211; 16h30<\/p>\n\n<p><\/p>\n\n<p>The first workshops of the series of workshops dedicated to demonstrating the innovations of the REV@CONSTRUCTION project will be held next Wednesday, 24 May, in Porto!<\/p>\n\n<p>Join us at ANJE for two interactive workshops, where you will have the opportunity to learn more about the project&#8217;s activities and developments, focusing on the working groups for PPS1 and PPS4. You will also have a space to ask your questions, being the starting point for the debate around the digitalisation of the AEC sector!<\/p>\n\n<p>Register <a href=\"https:\/\/bit.ly\/3AO6ERJ\" target=\"_blank\" rel=\"noreferrer noopener\">here<\/a>.<\/p>\n\n<p>Check out the programme below:<\/p>\n\n<figure class=\"wp-block-table\"><table><tbody><tr><td><strong>Programme&#13;\nDIGI4Construction Workshop\u00a0<\/strong>&#13;\n\u25aa\u00a0<strong>09h30<\/strong> &#8211; Welcoming | <strong>Jo\u00e3o Po\u00e7as Martins \u2013 BUILT CoLAB<\/strong>&#13;\n\u25aaPPS1 General Context | <strong>Francisco Reis \u2013 BIMMS<\/strong>&#13;\n\u25aa TECHinfo 4.0 |\u00a0<strong>Hip\u00f3lito Sousa \u2013 IC-FEUP<\/strong>&#13;\n\u25aa COSTmanage 4.0 |\u00a0<strong>Paula Couto \u2013 LNEC<\/strong>&#13;\n\u25aa Interoperability + ProNIC | <strong>Lu\u00eds Guard\u00e3o \u2013 INESC TEC<\/strong>&#13;\n\u25aa Plan4Digital |\u00a0<strong>Ant\u00f3nio Aguiar Costa \u2013 IST<\/strong>&#13;\n\u25aa idBIM 4.0 |\u00a0<strong>Ant\u00f3nio Aguiar Costa \u2013 IST +\u00a0Pedro Nogueira Martins \u2013 BUILT CoLAB + Jos\u00e9 Granja \u2013 UMinho<\/strong>&#13;\n\u25aa BIM4Bridges |\u00a0<strong>Francisco Reis + Jo\u00e3o Ribeiro \u2013 BIMMS<\/strong>&#13;\n\u25aa Digi4Construction |\u00a0<strong>Francisco Reis + Jo\u00e3o Ribeiro \u2013 BIMMS<\/strong>&#13;\n\u25aa Debate and Q&amp;A | <strong>&#8220;Digitisation in the Design Phase in the Construction Sector&#8221;<\/strong><\/td><\/tr><\/tbody><\/table><\/figure>\n\n<figure class=\"wp-block-table\"><table><tbody><tr><td><strong>Programme&#13;\nPAV 4.0 LC Workshop\u00a0<\/strong>&#13;\n\u25aa\u00a0<strong>14h30<\/strong> &#8211; Welcoming | <strong>Jo\u00e3o Po\u00e7as Martins \u2013 BUILT CoLAB<\/strong>&#13;\n\u25aa PAV4.0 LC APP Objectives | <strong>Joel Oliveira \u2013 UMinho<\/strong>&#13;\n\u25aa Selecting a location for the Living Lab | <strong>Helena Lima \u2013 IP<\/strong>&#13;\n\u25aa Point cloud survey of the site | <strong>Luciano Santos \u2013 Mota-Engil<\/strong>&#13;\n\u25aaBIM model of the demonstrator\u00a0|\u00a0<strong>Diogo Parracho \u2013 FEUP +\u00a0Jo\u00e3o Po\u00e7as Martins \u2013 BUILT CoLAB<\/strong>&#13;\n\u25aa Development of the pavement monitoring system | <strong>Hugo Silva \u2013 UMinho<\/strong>&#13;\n\u25aa Sensor installation | <strong>V\u00e2nia Marecos \u2013 LNEC<\/strong>&#13;\n\u25aa Calibration of the monitoring system | <strong>Francisco Rebelo \u2013 UMinho<\/strong>&#13;\n\u25aa Real-time data collection | <strong>Diogo Ramos \u2013 UMinho<\/strong>&#13;\n\u25aa Processing and storage of collected data | <strong>Diogo Ramos\/Jorge Oliveira e S\u00e1 \u2013 UMinho<\/strong>&#13;\n\u25aa Q&amp;A<\/td><\/tr><\/tbody><\/table><\/figure>\n<script><\/script><script><\/script><script><\/script><script><\/script><script><\/script><script><\/script><script><\/script><script><\/script><script><\/script><script><\/script>","protected":false},"excerpt":{"rendered":"<p>Find out below the programme for the workshops next Wednesday, 24th May, in Porto! \ud83d\udd39 Venue: ANJE &#8211; Associa\u00e7\u00e3o Nacional de Jovens Empres\u00e1rios \ud83d\udd39 Time: 09h30 &#8211; 12h00 | 14h30 &#8211; 16h30 WORKSHOP #1: Digi4Construction &#8211; 09h30 &#8211; 12h30 WORKSHOP #2: PAV 4.0 LC &#8211; 14h30 &#8211; 16h30 The first workshops of the series of [&hellip;]<\/p>\n","protected":false},"author":1,"featured_media":3969,"comment_status":"closed","ping_status":"closed","sticky":false,"template":"","format":"standard","meta":{"footnotes":""},"categories":[30,20],"tags":[],"class_list":["post-3975","post","type-post","status-publish","format-standard","has-post-thumbnail","hentry","category-events","category-news"],"_links":{"self":[{"href":"https:\/\/revconstruction.pt\/en\/wp-json\/wp\/v2\/posts\/3975","targetHints":{"allow":["GET"]}}],"collection":[{"href":"https:\/\/revconstruction.pt\/en\/wp-json\/wp\/v2\/posts"}],"about":[{"href":"https:\/\/revconstruction.pt\/en\/wp-json\/wp\/v2\/types\/post"}],"author":[{"embeddable":true,"href":"https:\/\/revconstruction.pt\/en\/wp-json\/wp\/v2\/users\/1"}],"replies":[{"embeddable":true,"href":"https:\/\/revconstruction.pt\/en\/wp-json\/wp\/v2\/comments?post=3975"}],"version-history":[{"count":11,"href":"https:\/\/revconstruction.pt\/en\/wp-json\/wp\/v2\/posts\/3975\/revisions"}],"predecessor-version":[{"id":4483,"href":"https:\/\/revconstruction.pt\/en\/wp-json\/wp\/v2\/posts\/3975\/revisions\/4483"}],"wp:featuredmedia":[{"embeddable":true,"href":"https:\/\/revconstruction.pt\/en\/wp-json\/wp\/v2\/media\/3969"}],"wp:attachment":[{"href":"https:\/\/revconstruction.pt\/en\/wp-json\/wp\/v2\/media?parent=3975"}],"wp:term":[{"taxonomy":"category","embeddable":true,"href":"https:\/\/revconstruction.pt\/en\/wp-json\/wp\/v2\/categories?post=3975"},{"taxonomy":"post_tag","embeddable":true,"href":"https:\/\/revconstruction.pt\/en\/wp-json\/wp\/v2\/tags?post=3975"}],"curies":[{"name":"wp","href":"https:\/\/api.w.org\/{rel}","templated":true}]}}