{"id":3963,"date":"2023-05-16T12:09:58","date_gmt":"2023-05-16T12:09:58","guid":{"rendered":"https:\/\/revconstruction.pt\/news\/revconstruction-demonstration-workshops\/"},"modified":"2023-05-16T12:44:37","modified_gmt":"2023-05-16T12:44:37","slug":"revconstruction-demonstration-workshops","status":"publish","type":"post","link":"https:\/\/revconstruction.pt\/en\/news\/revconstruction-demonstration-workshops\/","title":{"rendered":"REV@CONSTRUCTION Demonstration Workshops"},"content":{"rendered":"\n<p>REV@CONSTRUCTION invites you to attend the Demonstration Workshops to be held on 24th and 25th May, in Porto and Lisbon, to learn about the latest developments of this Mobilising Project and its main results!<\/p>\n\n<p>These events aim to present the activities, innovations and results obtained in the scope of each working group of the project, as well as to present in detail the digital tools developed throughout the REV@CONSTRUCTION by the &#8220;hand&#8221; of the entities involved in the project!<\/p>\n\n<p>Participation is free of charge, but requires registration.&#13;\n&#13;\nRegister <a href=\"https:\/\/www.cognitoforms.com\/BUILTCoLAB\/WorkshopsDemonstradoresREVCONSTRUCTION\" target=\"_blank\" rel=\"noreferrer noopener\" data-type=\"URL\" data-id=\"https:\/\/www.cognitoforms.com\/BUILTCoLAB\/WorkshopsDemonstradoresREVCONSTRUCTION\">here<\/a>.<\/p>\n\n<div class=\"wp-block-columns is-layout-flex wp-container-core-columns-is-layout-28f84493 wp-block-columns-is-layout-flex\">\n<div class=\"wp-block-column is-layout-flow wp-block-column-is-layout-flow\" style=\"flex-basis:50%\">\n<figure class=\"wp-block-image size-full\"><img fetchpriority=\"high\" decoding=\"async\" width=\"940\" height=\"788\" src=\"https:\/\/revconstruction.pt\/wp-content\/uploads\/2023\/05\/unnamed-2.png\" alt=\"\" class=\"wp-image-3955\" srcset=\"https:\/\/revconstruction.pt\/wp-content\/uploads\/2023\/05\/unnamed-2.png 940w, https:\/\/revconstruction.pt\/wp-content\/uploads\/2023\/05\/unnamed-2-300x251.png 300w, https:\/\/revconstruction.pt\/wp-content\/uploads\/2023\/05\/unnamed-2-768x644.png 768w\" sizes=\"(max-width: 940px) 100vw, 940px\" \/><\/figure>\n\n\n\n<p><strong>Porto<\/strong>&#13;\nDate: <strong>May 24&#13;\n<\/strong>Venue:<strong>\u00a0ANJE<\/strong>\u00a0&#8211; Associa\u00e7\u00e3o Nacional de Jovens Empres\u00e1rios<\/p>\n\n\n\n<p><strong>Workshops:&#13;\nDigi4Construction<\/strong>\u00a0&#8211; 09h30 &#8211; 12h30&#13;\n<strong>PAV 4.0 LC<\/strong>\u00a0&#8211; 14h30 &#8211; 16h30<\/p>\n\n\n\n<p>Register <a href=\"https:\/\/www.cognitoforms.com\/BUILTCoLAB\/WorkshopsDemonstradoresREVCONSTRUCTION\" target=\"_blank\" rel=\"noreferrer noopener\">here<\/a>.<\/p>\n<\/div>\n\n\n\n<div class=\"wp-block-column is-layout-flow wp-block-column-is-layout-flow\" style=\"flex-basis:50%\">\n<figure class=\"wp-block-image size-full\"><img decoding=\"async\" width=\"940\" height=\"788\" src=\"https:\/\/revconstruction.pt\/wp-content\/uploads\/2023\/05\/unnamed-1-1.png\" alt=\"\" class=\"wp-image-3958\" srcset=\"https:\/\/revconstruction.pt\/wp-content\/uploads\/2023\/05\/unnamed-1-1.png 940w, https:\/\/revconstruction.pt\/wp-content\/uploads\/2023\/05\/unnamed-1-1-300x251.png 300w, https:\/\/revconstruction.pt\/wp-content\/uploads\/2023\/05\/unnamed-1-1-768x644.png 768w\" sizes=\"(max-width: 940px) 100vw, 940px\" \/><\/figure>\n\n\n\n<p><strong>Lisbon<\/strong>&#13;\nDate: <strong>May 25&#13;\n<\/strong>Venue:<strong> Ordem dos Engenheiros\u00a0<\/strong>&#8211; Regi\u00e3o Sul&#13;\n&#13;\n<strong>Workshops:&#13;\nDigital Twin for the AEC<\/strong> <strong>sector<\/strong> &#8211; 09h30 &#8211; 12h30&#13;\n<strong>BIM4Bridges\u00a0<\/strong>&#8211; 14h00 &#8211; 16h00&#13;\n&#13;\nRegister <a href=\"https:\/\/www.cognitoforms.com\/BUILTCoLAB\/WorkshopsDemonstradoresREVCONSTRUCTION\" target=\"_blank\" rel=\"noreferrer noopener\">here<\/a>.<\/p>\n<\/div>\n<\/div>\n\n<p><\/p>\n\n<p>We count on your presence!<\/p>\n\n<p>(The programme will be available soon)<\/p>\n","protected":false},"excerpt":{"rendered":"<p>REV@CONSTRUCTION invites you to attend the Demonstration Workshops to be held on 24th and 25th May, in Porto and Lisbon, to learn about the latest developments of this Mobilising Project and its main results! These events aim to present the activities, innovations and results obtained in the scope of each working group of the project, [&hellip;]<\/p>\n","protected":false},"author":1,"featured_media":3947,"comment_status":"closed","ping_status":"closed","sticky":false,"template":"","format":"standard","meta":{"footnotes":""},"categories":[30,20],"tags":[],"class_list":["post-3963","post","type-post","status-publish","format-standard","has-post-thumbnail","hentry","category-events","category-news"],"_links":{"self":[{"href":"https:\/\/revconstruction.pt\/en\/wp-json\/wp\/v2\/posts\/3963","targetHints":{"allow":["GET"]}}],"collection":[{"href":"https:\/\/revconstruction.pt\/en\/wp-json\/wp\/v2\/posts"}],"about":[{"href":"https:\/\/revconstruction.pt\/en\/wp-json\/wp\/v2\/types\/post"}],"author":[{"embeddable":true,"href":"https:\/\/revconstruction.pt\/en\/wp-json\/wp\/v2\/users\/1"}],"replies":[{"embeddable":true,"href":"https:\/\/revconstruction.pt\/en\/wp-json\/wp\/v2\/comments?post=3963"}],"version-history":[{"count":2,"href":"https:\/\/revconstruction.pt\/en\/wp-json\/wp\/v2\/posts\/3963\/revisions"}],"predecessor-version":[{"id":3966,"href":"https:\/\/revconstruction.pt\/en\/wp-json\/wp\/v2\/posts\/3963\/revisions\/3966"}],"wp:featuredmedia":[{"embeddable":true,"href":"https:\/\/revconstruction.pt\/en\/wp-json\/wp\/v2\/media\/3947"}],"wp:attachment":[{"href":"https:\/\/revconstruction.pt\/en\/wp-json\/wp\/v2\/media?parent=3963"}],"wp:term":[{"taxonomy":"category","embeddable":true,"href":"https:\/\/revconstruction.pt\/en\/wp-json\/wp\/v2\/categories?post=3963"},{"taxonomy":"post_tag","embeddable":true,"href":"https:\/\/revconstruction.pt\/en\/wp-json\/wp\/v2\/tags?post=3963"}],"curies":[{"name":"wp","href":"https:\/\/api.w.org\/{rel}","templated":true}]}}